{"id":4389,"date":"2024-11-07T11:03:09","date_gmt":"2024-11-07T09:03:09","guid":{"rendered":"https:\/\/linguaeparole.it\/?p=4389"},"modified":"2024-11-07T12:54:07","modified_gmt":"2024-11-07T10:54:07","slug":"unesperienza-di-apprendimento-immersiva-il-corso-intensivo-di-linguaeparole-a-isola","status":"publish","type":"post","link":"https:\/\/linguaeparole.it\/en\/unesperienza-di-apprendimento-immersiva-il-corso-intensivo-di-linguaeparole-a-isola\/","title":{"rendered":"Un&#8217;esperienza di apprendimento immersiva: Il corso Intensivo di Linguaeparole a Isola"},"content":{"rendered":"<p><span style=\"font-weight: 400;\">Il nostro ultimo corso intensivo di italiano, organizzato in collaborazione con ISOLA, si \u00e8 appena concluso, lasciando nei partecipanti una profonda soddisfazione e ricordi indelebili. Questo percorso \u00e8 stato molto pi\u00f9 di un semplice corso di lingua: \u00e8 stata un&#8217;immersione totale nella cultura italiana, un viaggio che ha trasformato ogni giornata in un&#8217;opportunit\u00e0 di apprendimento e scoperta.<\/span><\/p>\n<p><span style=\"font-weight: 400;\">Fin dal primo momento, \u00e8 stato chiaro che l&#8217;obiettivo fosse ambizioso: creare un metodo su misura che rendesse l&#8217;italiano il vero protagonista, dentro e fuori dall&#8217;aula. E cos\u00ec, mentre le lezioni si intrecciavano con la vita quotidiana, ogni aspetto del corso si \u00e8 trasformato in un&#8217;occasione per vivere la lingua in modo autentico e appassionante.<\/span><\/p>\n<p>&nbsp;<\/p>\n<h5><span style=\"font-weight: 400;\">1. Un&#8217;organizzazione attenta e personalizzata<br \/>\n<\/span><\/h5>\n<p><span style=\"font-weight: 400;\">La preparazione \u00e8 iniziata con largo anticipo per creare un programma su misura per ciascuno dei partecipanti. Abbiamo analizzato i loro profili, esigenze e aspettative, costruendo un percorso che andasse ben oltre la grammatica, includendo elementi che rendessero ogni lezione significativa e applicabile nel quotidiano. Buona parte del corso \u00e8 stato dedicato a un lessico specifico legato al loro lavoro, permettendo agli studenti di affrontare con sicurezza situazioni professionali reali. Questo approccio ha richiesto lo studio approfondito dei loro profili per garantire che ogni lezione fosse rilevante e personalizzata.<\/span><\/p>\n<p><span style=\"font-weight: 400;\">Il gruppo \u00e8 stato composto da professionisti di settori diversi, con competenze linguistiche variabili. Questo ha richiesto un approccio dinamico e flessibile, capace di combinare l&#8217;apprendimento collettivo con momenti di approfondimento individuale. Ogni lezione \u00e8 diventata cos\u00ec un mix di regole grammaticali, conversazioni reali e linguaggi settoriali, per permettere a ciascun partecipante di sentirsi sicuro anche nel proprio ambito professionale.<\/span><\/p>\n<p><img loading=\"lazy\" decoding=\"async\" class=\"alignnone wp-image-4390\" src=\"https:\/\/linguaeparole.it\/wp-content\/uploads\/2024\/11\/IMG_5685-640x853.webp\" alt=\"\" width=\"992\" height=\"1322\" srcset=\"https:\/\/linguaeparole.it\/wp-content\/uploads\/2024\/11\/IMG_5685-640x853.webp 640w, https:\/\/linguaeparole.it\/wp-content\/uploads\/2024\/11\/IMG_5685-768x1024.webp 768w, https:\/\/linguaeparole.it\/wp-content\/uploads\/2024\/11\/IMG_5685-1152x1536.webp 1152w, https:\/\/linguaeparole.it\/wp-content\/uploads\/2024\/11\/IMG_5685-9x12.webp 9w, https:\/\/linguaeparole.it\/wp-content\/uploads\/2024\/11\/IMG_5685-320x427.webp 320w, https:\/\/linguaeparole.it\/wp-content\/uploads\/2024\/11\/IMG_5685.webp 1200w\" sizes=\"auto, (max-width: 992px) 100vw, 992px\" \/><\/p>\n<p><a href=\"https:\/\/wa.me\/393791968955?text=Hello%20,%20I%20would%20like%20to%20request%20information%20about%20the%20intensive%20Italian%20course%20at%20your%20school%20.%20\" target=\"_blank\" rel=\"noopener\"><img loading=\"lazy\" decoding=\"async\" class=\"aligncenter wp-image-4398 size-medium\" src=\"https:\/\/linguaeparole.it\/wp-content\/uploads\/2024\/11\/Pulsante-WhatsApp-Blog-640x85.png\" alt=\"\" width=\"640\" height=\"85\" srcset=\"https:\/\/linguaeparole.it\/wp-content\/uploads\/2024\/11\/Pulsante-WhatsApp-Blog-640x85.png 640w, https:\/\/linguaeparole.it\/wp-content\/uploads\/2024\/11\/Pulsante-WhatsApp-Blog-768x102.png 768w, https:\/\/linguaeparole.it\/wp-content\/uploads\/2024\/11\/Pulsante-WhatsApp-Blog-18x2.png 18w, https:\/\/linguaeparole.it\/wp-content\/uploads\/2024\/11\/Pulsante-WhatsApp-Blog-320x42.png 320w, https:\/\/linguaeparole.it\/wp-content\/uploads\/2024\/11\/Pulsante-WhatsApp-Blog.png 1080w\" sizes=\"auto, (max-width: 640px) 100vw, 640px\" \/><\/a><\/p>\n<h5><span style=\"font-weight: 400;\">2. Un ambiente collaborativo e stimolante<br \/>\n<\/span><\/h5>\n<p><span style=\"font-weight: 400;\">Dal primo giorno, gli studenti hanno trovato molto pi\u00f9 di un corso: hanno trovato una comunit\u00e0. Molti di loro hanno vissuto insieme, condividendo non solo le ore di lezione, ma anche momenti di vita quotidiana, come pause con l&#8217;insegnante in un contesto italiano autentico. Dopo i corsi, si sono svolte attivit\u00e0 di gruppo per esplorare la citt\u00e0 e vivere insieme esperienze significative. Questa vicinanza ha creato uno spirito di collaborazione che ha arricchito ogni attivit\u00e0.<\/span><\/p>\n<p><span style=\"font-weight: 400;\">In aula, non c&#8217;\u00e8 stata competizione o timore. Gli studenti si sono aiutati reciprocamente, si sono incoraggiati, e ogni errore \u00e8 diventato un&#8217;opportunit\u00e0 per crescere. I giochi di ruolo, le simulazioni di situazioni quotidiane come ordinare al bar o chiedere informazioni, hanno reso l&#8217;apprendimento divertente e motivante. Ogni lezione \u00e8 stata un piccolo passo verso una maggiore fiducia in se stessi e nelle proprie capacit\u00e0 linguistiche.<\/span><\/p>\n<p><img loading=\"lazy\" decoding=\"async\" class=\"alignnone wp-image-4391\" src=\"https:\/\/linguaeparole.it\/wp-content\/uploads\/2024\/11\/IMG_6519-640x853.webp\" alt=\"\" width=\"1008\" height=\"1343\" srcset=\"https:\/\/linguaeparole.it\/wp-content\/uploads\/2024\/11\/IMG_6519-640x853.webp 640w, https:\/\/linguaeparole.it\/wp-content\/uploads\/2024\/11\/IMG_6519-768x1024.webp 768w, https:\/\/linguaeparole.it\/wp-content\/uploads\/2024\/11\/IMG_6519-9x12.webp 9w, https:\/\/linguaeparole.it\/wp-content\/uploads\/2024\/11\/IMG_6519-320x427.webp 320w, https:\/\/linguaeparole.it\/wp-content\/uploads\/2024\/11\/IMG_6519.webp 960w\" sizes=\"auto, (max-width: 1008px) 100vw, 1008px\" \/><\/p>\n<p>&nbsp;<\/p>\n<h5><span style=\"font-weight: 400;\">3. La scoperta della citt\u00e0: l&#8217;aula oltre le quattro mura<br \/>\n<\/span><\/h5>\n<p><span style=\"font-weight: 400;\">Catania \u00e8 diventata la nostra aula estesa. Le strade, i mercati, i ristoranti: ogni angolo della citt\u00e0 \u00e8 stato un luogo dove mettere in pratica l&#8217;italiano. Ogni giorno ha offerto un&#8217;opportunit\u00e0 per sperimentare la lingua in contesti reali, per vivere situazioni autentiche che sono andate ben oltre il tradizionale ambiente scolastico.<\/span><\/p>\n<p><span style=\"font-weight: 400;\">Gli studenti hanno esplorato la citt\u00e0, interagendo con la sua gente, assaporando la sua cultura e le sue tradizioni. Non \u00e8 stato solo imparare a parlare: \u00e8 stato scoprire come far parte di un mondo nuovo, un mondo che parlava italiano. Qualcuno ha persino chiesto consigli su frasi da tatuare, per portare con s\u00e9 un ricordo indelebile di questa esperienza unica.<\/span><\/p>\n<p><img loading=\"lazy\" decoding=\"async\" class=\"alignnone wp-image-4392\" src=\"https:\/\/linguaeparole.it\/wp-content\/uploads\/2024\/11\/IMG_6760-640x1138.webp\" alt=\"\" width=\"979\" height=\"1741\" srcset=\"https:\/\/linguaeparole.it\/wp-content\/uploads\/2024\/11\/IMG_6760-640x1138.webp 640w, https:\/\/linguaeparole.it\/wp-content\/uploads\/2024\/11\/IMG_6760-1280x2276.webp 1280w, https:\/\/linguaeparole.it\/wp-content\/uploads\/2024\/11\/IMG_6760-768x1365.webp 768w, https:\/\/linguaeparole.it\/wp-content\/uploads\/2024\/11\/IMG_6760-864x1536.webp 864w, https:\/\/linguaeparole.it\/wp-content\/uploads\/2024\/11\/IMG_6760-1152x2048.webp 1152w, https:\/\/linguaeparole.it\/wp-content\/uploads\/2024\/11\/IMG_6760-7x12.webp 7w, https:\/\/linguaeparole.it\/wp-content\/uploads\/2024\/11\/IMG_6760-320x569.webp 320w, https:\/\/linguaeparole.it\/wp-content\/uploads\/2024\/11\/IMG_6760-720x1280.webp 720w, https:\/\/linguaeparole.it\/wp-content\/uploads\/2024\/11\/IMG_6760-360x640.webp 360w, https:\/\/linguaeparole.it\/wp-content\/uploads\/2024\/11\/IMG_6760-180x320.webp 180w, https:\/\/linguaeparole.it\/wp-content\/uploads\/2024\/11\/IMG_6760-scaled.webp 1440w\" sizes=\"auto, (max-width: 979px) 100vw, 979px\" \/><\/p>\n<p><a href=\"https:\/\/wa.me\/393791968955?text=Hello%20,%20I%20would%20like%20to%20request%20information%20about%20the%20intensive%20Italian%20course%20at%20your%20school%20.%20\" target=\"_blank\" rel=\"noopener\"><img loading=\"lazy\" decoding=\"async\" class=\"aligncenter wp-image-4398 size-medium\" src=\"https:\/\/linguaeparole.it\/wp-content\/uploads\/2024\/11\/Pulsante-WhatsApp-Blog-640x85.png\" alt=\"\" width=\"640\" height=\"85\" srcset=\"https:\/\/linguaeparole.it\/wp-content\/uploads\/2024\/11\/Pulsante-WhatsApp-Blog-640x85.png 640w, https:\/\/linguaeparole.it\/wp-content\/uploads\/2024\/11\/Pulsante-WhatsApp-Blog-768x102.png 768w, https:\/\/linguaeparole.it\/wp-content\/uploads\/2024\/11\/Pulsante-WhatsApp-Blog-18x2.png 18w, https:\/\/linguaeparole.it\/wp-content\/uploads\/2024\/11\/Pulsante-WhatsApp-Blog-320x42.png 320w, https:\/\/linguaeparole.it\/wp-content\/uploads\/2024\/11\/Pulsante-WhatsApp-Blog.png 1080w\" sizes=\"auto, (max-width: 640px) 100vw, 640px\" \/><\/a><\/p>\n<h5><span style=\"font-weight: 400;\">4. Un focus sul linguaggio settoriale<\/span><\/h5>\n<p><span style=\"font-weight: 400;\">L&#8217;ultima parte del corso \u00e8 stata dedicata al linguaggio settoriale, un elemento cruciale per chi ha desiderato usare l&#8217;italiano anche nel proprio ambito professionale. Per favorire questo processo, abbiamo creato un glossario specifico per ciascun settore di lavoro dei partecipanti, fornendo loro uno strumento per iniziare a usare la lingua nei loro contesti di lavoro. Per metterla in pratica, abbiamo creato situazioni concrete di scambio e dialogo, simulando scenari reali legati ai loro settori.<\/span><\/p>\n<p><span style=\"font-weight: 400;\">Dalla ristorazione all&#8217;ambito aziendale, ogni studente ha avuto la possibilit\u00e0 di esercitarsi su situazioni concrete, preparandosi cos\u00ec a usare l&#8217;italiano con sicurezza sul lavoro. Non \u00e8 stato solo apprendimento, ma un allenamento pratico per affrontare la vita professionale in italiano.<\/span><\/p>\n<blockquote class=\"instagram-media\" style=\"background: #FFF; border: 0; border-radius: 3px; box-shadow: 0 0 1px 0 rgba(0,0,0,0.5),0 1px 10px 0 rgba(0,0,0,0.15); margin: 1px; max-width: 540px; min-width: 326px; padding: 0; width: calc(100% - 2px);\" data-instgrm-captioned=\"\" data-instgrm-permalink=\"https:\/\/www.instagram.com\/reel\/DBBeFNWoW1a\/?utm_source=ig_embed&amp;utm_campaign=loading\" data-instgrm-version=\"14\">\n<div style=\"padding: 16px;\">\n<div style=\"display: flex; flex-direction: row; align-items: center; text-align: left;\">\n<div style=\"background-color: #f4f4f4; border-radius: 50%; flex-grow: 0; height: 40px; margin-right: 14px; width: 40px;\"><\/div>\n<div style=\"display: flex; flex-direction: column; flex-grow: 1; justify-content: center;\">\n<div style=\"background-color: #f4f4f4; border-radius: 4px; flex-grow: 0; height: 14px; margin-bottom: 6px; width: 100px;\"><\/div>\n<div style=\"background-color: #f4f4f4; border-radius: 4px; flex-grow: 0; height: 14px; width: 60px;\"><\/div>\n<\/div>\n<\/div>\n<div style=\"padding: 19% 0px; text-align: left;\"><\/div>\n<div style=\"display: block; height: 50px; margin: 0px auto 12px; width: 50px; text-align: left;\"><\/div>\n<div style=\"padding-top: 8px; text-align: left;\">\n<div style=\"color: #3897f0; font-family: Arial,sans-serif; font-size: 14px; font-style: normal; font-weight: 550; line-height: 18px;\">Visualizza questo post su Instagram<\/div>\n<\/div>\n<div style=\"padding: 12.5% 0px; text-align: left;\"><\/div>\n<div style=\"display: flex; flex-direction: row; margin-bottom: 14px; align-items: center; text-align: left;\">\n<div>\n<div style=\"background-color: #f4f4f4; border-radius: 50%; height: 12.5px; width: 12.5px; transform: translateX(0px) translateY(7px);\"><\/div>\n<div style=\"background-color: #f4f4f4; height: 12.5px; transform: rotate(-45deg) translateX(3px) translateY(1px); width: 12.5px; flex-grow: 0; margin-right: 14px; margin-left: 2px;\"><\/div>\n<div style=\"background-color: #f4f4f4; border-radius: 50%; height: 12.5px; width: 12.5px; transform: translateX(9px) translateY(-18px);\"><\/div>\n<\/div>\n<div style=\"margin-left: 8px;\">\n<div style=\"background-color: #f4f4f4; border-radius: 50%; flex-grow: 0; height: 20px; width: 20px;\"><\/div>\n<div style=\"width: 0; height: 0; border-top: 2px solid transparent; border-left: 6px solid #f4f4f4; border-bottom: 2px solid transparent; transform: translateX(16px) translateY(-4px) rotate(30deg);\"><\/div>\n<\/div>\n<div style=\"margin-left: auto;\">\n<div style=\"width: 0px; border-top: 8px solid #F4F4F4; border-right: 8px solid transparent; transform: translateY(16px);\"><\/div>\n<div style=\"background-color: #f4f4f4; flex-grow: 0; height: 12px; width: 16px; transform: translateY(-4px);\"><\/div>\n<div style=\"width: 0; height: 0; border-top: 8px solid #F4F4F4; border-left: 8px solid transparent; transform: translateY(-4px) translateX(8px);\"><\/div>\n<\/div>\n<\/div>\n<div style=\"display: flex; flex-direction: column; flex-grow: 1; justify-content: center; margin-bottom: 24px; text-align: left;\">\n<div style=\"background-color: #f4f4f4; border-radius: 4px; flex-grow: 0; height: 14px; margin-bottom: 6px; width: 224px;\"><\/div>\n<div style=\"background-color: #f4f4f4; border-radius: 4px; flex-grow: 0; height: 14px; width: 144px;\"><\/div>\n<\/div>\n<p style=\"color: #c9c8cd; font-family: Arial, sans-serif; font-size: 14px; line-height: 17px; margin-bottom: 0px; margin-top: 8px; overflow: hidden; padding: 8px 0px 7px; text-overflow: ellipsis; white-space: nowrap; text-align: left;\"><a style=\"color: #c9c8cd; font-family: Arial,sans-serif; font-size: 14px; font-style: normal; font-weight: normal; line-height: 17px; text-decoration: none;\" href=\"https:\/\/www.instagram.com\/reel\/DBBeFNWoW1a\/?utm_source=ig_embed&amp;utm_campaign=loading\" target=\"_blank\" rel=\"noopener\">Un post condiviso da Linguaeparole (@linguaeparole)<\/a><\/p>\n<\/div>\n<\/blockquote>\n<p><script async src=\"\/\/www.instagram.com\/embed.js\"><\/script><\/p>\n<p>&nbsp;<\/p>\n<h5><span style=\"font-weight: 400;\">5. Un&#8217;esperienza che lascia il segno<\/span><\/h5>\n<p><span style=\"font-weight: 400;\">Per molti studenti, questo corso \u00e8 stato pi\u00f9 di un semplice percorso didattico: \u00e8 stato un viaggio emozionante, una sfida personale che li ha portati a superare limiti e paure. L&#8217;ambiente stimolante e l&#8217;approccio personalizzato hanno permesso a ciascuno di fare progressi significativi in pochissimo tempo, acquisendo non solo una maggiore padronanza della lingua, ma anche una nuova fiducia in se stessi.<\/span><\/p>\n<p><span style=\"font-weight: 400;\">Per chi ha cercato un modo per migliorare il proprio italiano e viverlo intensamente, questo percorso \u00e8 stato la risposta. \u00c8 stato un viaggio che ha lasciato un segno profondo, trasformando non solo la conoscenza della lingua, ma anche il modo di vedere e vivere la cultura italiana. E chiss\u00e0, magari il prossimo gruppo trover\u00e0 ispirazione in questa esperienza, pronto a scrivere la propria storia di apprendimento e scoperta.<\/span><\/p>\n<p><a href=\"https:\/\/wa.me\/393791968955?text=Hello%20,%20I%20would%20like%20to%20request%20information%20about%20the%20intensive%20Italian%20course%20at%20your%20school%20.%20\" target=\"_blank\" rel=\"noopener\"><img loading=\"lazy\" decoding=\"async\" class=\"aligncenter wp-image-4398 size-medium\" src=\"https:\/\/linguaeparole.it\/wp-content\/uploads\/2024\/11\/Pulsante-WhatsApp-Blog-640x85.png\" alt=\"\" width=\"640\" height=\"85\" srcset=\"https:\/\/linguaeparole.it\/wp-content\/uploads\/2024\/11\/Pulsante-WhatsApp-Blog-640x85.png 640w, https:\/\/linguaeparole.it\/wp-content\/uploads\/2024\/11\/Pulsante-WhatsApp-Blog-768x102.png 768w, https:\/\/linguaeparole.it\/wp-content\/uploads\/2024\/11\/Pulsante-WhatsApp-Blog-18x2.png 18w, https:\/\/linguaeparole.it\/wp-content\/uploads\/2024\/11\/Pulsante-WhatsApp-Blog-320x42.png 320w, https:\/\/linguaeparole.it\/wp-content\/uploads\/2024\/11\/Pulsante-WhatsApp-Blog.png 1080w\" sizes=\"auto, (max-width: 640px) 100vw, 640px\" \/><\/a><\/p>","protected":false},"excerpt":{"rendered":"<p>Il nostro ultimo corso intensivo di italiano, organizzato in collaborazione con ISOLA, si \u00e8 appena concluso, lasciando nei partecipanti una profonda soddisfazione e ricordi indelebili.<\/p>","protected":false},"author":3,"featured_media":4396,"comment_status":"open","ping_status":"open","sticky":false,"template":"","format":"standard","meta":{"inline_featured_image":false,"footnotes":""},"categories":[30],"tags":[],"class_list":["post-4389","post","type-post","status-publish","format-standard","has-post-thumbnail","hentry","category-corsi-italiano"],"_links":{"self":[{"href":"https:\/\/linguaeparole.it\/en\/wp-json\/wp\/v2\/posts\/4389","targetHints":{"allow":["GET"]}}],"collection":[{"href":"https:\/\/linguaeparole.it\/en\/wp-json\/wp\/v2\/posts"}],"about":[{"href":"https:\/\/linguaeparole.it\/en\/wp-json\/wp\/v2\/types\/post"}],"author":[{"embeddable":true,"href":"https:\/\/linguaeparole.it\/en\/wp-json\/wp\/v2\/users\/3"}],"replies":[{"embeddable":true,"href":"https:\/\/linguaeparole.it\/en\/wp-json\/wp\/v2\/comments?post=4389"}],"version-history":[{"count":12,"href":"https:\/\/linguaeparole.it\/en\/wp-json\/wp\/v2\/posts\/4389\/revisions"}],"predecessor-version":[{"id":4409,"href":"https:\/\/linguaeparole.it\/en\/wp-json\/wp\/v2\/posts\/4389\/revisions\/4409"}],"wp:featuredmedia":[{"embeddable":true,"href":"https:\/\/linguaeparole.it\/en\/wp-json\/wp\/v2\/media\/4396"}],"wp:attachment":[{"href":"https:\/\/linguaeparole.it\/en\/wp-json\/wp\/v2\/media?parent=4389"}],"wp:term":[{"taxonomy":"category","embeddable":true,"href":"https:\/\/linguaeparole.it\/en\/wp-json\/wp\/v2\/categories?post=4389"},{"taxonomy":"post_tag","embeddable":true,"href":"https:\/\/linguaeparole.it\/en\/wp-json\/wp\/v2\/tags?post=4389"}],"curies":[{"name":"wp","href":"https:\/\/api.w.org\/{rel}","templated":true}]}}